{"id":1051,"date":"2026-09-04T16:30:46","date_gmt":"2026-09-04T14:30:46","guid":{"rendered":"https:\/\/sinergiaskal.com\/?p=1051"},"modified":"2026-09-04T18:10:34","modified_gmt":"2026-09-04T16:10:34","slug":"carolina-gallego","status":"publish","type":"post","link":"https:\/\/sinergiaskal.com\/en\/al-frente-de-skal\/carolina-gallego\/","title":{"rendered":"\u00ab&quot;Sk\u00e5l is about turning professional relationships into lasting friendships.&quot;\u00bb"},"content":{"rendered":"<p class=\"wp-block-paragraph\">Carolina Gallego has known tourism since long before making it her profession. Her father, a pioneer in the sector, introduced her to the world of travel, travel agencies and customer service from a very young age. After his passing, she decided to continue that connection in her own way and, in 2005, founded Enpista Viajes, a company that has grown alongside her.<\/p>\n\n\n\n<p class=\"wp-block-paragraph\">Su trayectoria le ha obligado a enfrentarse a dos pruebas que marcaron al sector: la crisis de 2008 y, a\u00f1os despu\u00e9s, la paralizaci\u00f3n provocada por la COVID. De ambas conserva una misma ense\u00f1anza: adaptarse, tomar decisiones y no quedarse paralizada. Esa experiencia empresarial convive hoy con otra responsabilidad, la presidencia de <strong><a href=\"https:\/\/malaga-costadelsol.skal.org\/\" target=\"_blank\" rel=\"noopener\">Sk\u00e5l International M\u00e1laga-Costa del Sol.<\/a><\/strong><\/p>\n\n\n\n<p class=\"wp-block-paragraph\">Con esta conversaci\u00f3n, Sinergia Sk\u00e5l inaugura <strong><a href=\"https:\/\/sinergiaskal.com\/en\/at-the-head-of-skal\/\">\u00abAl frente de Sk\u00e5l<\/a><\/strong> \u00b7 12 presidentes \u00b7 12 clubes \u00b7 12 historias\u00bb, una serie que quiere conocer no solo los proyectos de quienes lideran los clubes espa\u00f1oles, sino tambi\u00e9n a las personas que hay detr\u00e1s del cargo: sus ra\u00edces, sus dificultades, sus amistades y su forma de entender una organizaci\u00f3n construida alrededor del turismo y de las relaciones humanas.<\/p>\n\n\n\n<p class=\"wp-block-paragraph\"><strong>Carolina, if we put aside for a moment the presidency of Sk\u00e5l, who are you and how did you get into the world of tourism?<\/strong><\/p>\n\n\n\n<p class=\"wp-block-paragraph\">My connection to tourism actually comes from my family. My father was a pioneer in the sector, and from a very young age, the world of travel, travel agencies and customer service was part of my life.<\/p>\n\n\n\n<p class=\"wp-block-paragraph\">When he passed away, I felt I wanted to follow in his footsteps in some way and continue the connection he had forged with tourism. That&#039;s when I decided to forge my own path and, in 2005, founded my company, Enpista Viajes.<\/p>\n\n\n\n<p class=\"wp-block-paragraph\">Obviously, starting out wasn&#039;t easy. I was young, I had so much to learn, and starting a business always involves taking risks, but I was also very clear that I wanted to build something of my own while maintaining the essence I had learned from my father: closeness with people, commitment, and love for this profession.<\/p>\n\n\n\n<p class=\"wp-block-paragraph\">Over the years, Enpista has grown, and I&#039;ve grown with it. Tourism has changed a great deal since those early years, but something remains exactly the same for me: behind every trip there&#039;s a person, a dream, and a story. My entry into tourism was largely a legacy, but also a personal choice. My father, without knowing it, opened the door to this world for me, and I decided to continue down that path, making it my own.<\/p>\n\n\n\n<p class=\"wp-block-paragraph\"><strong>You mentioned your father. What influence did he have on your understanding of work?<\/strong><\/p>\n\n\n\n<p class=\"wp-block-paragraph\">Without a doubt, he was the person who influenced me the most. He was hardworking and consistent, very close to his clients, and had a very clear understanding of what it meant to provide good service.<\/p>\n\n\n\n<p class=\"wp-block-paragraph\">Over the years I have made my own way, but many of those values are still present in my way of working and understanding tourism.<\/p>\n\n\n\n<p class=\"wp-block-paragraph\"><strong>You&#039;ve lived through some particularly difficult times, from the 2008 crisis to COVID. What did you learn from those experiences?<\/strong><\/p>\n\n\n\n<p class=\"wp-block-paragraph\">The 2008 crisis hit when I'd only been running my company for a few years. It was a very difficult time because suddenly everything changed: consumer spending fell, people travelled less and uncertainty grew.<\/p>\n\n\n\n<p class=\"wp-block-paragraph\">And then, of course, came COVID. For tourism, it was something we had never imagined: from one day to the next, our activity practically disappeared, and we had to manage enormous uncertainty.<\/p>\n\n\n\n<p class=\"wp-block-paragraph\">If there&#039;s one thing I learned from both experiences, it&#039;s that difficulties force you to adapt, to make decisions instead of remaining paralyzed. And perhaps also to trust yourself more, because when you&#039;ve managed to overcome moments like that, you face subsequent problems knowing that there&#039;s always a way out.<\/p>\n\n\n\n<p class=\"wp-block-paragraph\"><strong>When you look back on the journey you&#039;ve taken, what are you especially proud of?<\/strong><\/p>\n\n\n\n<p class=\"wp-block-paragraph\">Having built my own company and managed to maintain and grow it for more than twenty years, going through very different stages and also really difficult times.<\/p>\n\n\n\n<p class=\"wp-block-paragraph\">But beyond the numbers, I&#039;m especially proud of the team we&#039;ve built and the trust of so many clients who have been relying on us for years. For me, it&#039;s incredibly valuable when someone comes back, recommends us, or even when we&#039;re serving different generations of the same family.<\/p>\n\n\n\n<p class=\"wp-block-paragraph\">My greatest pride is not a specific moment, but looking back and seeing everything we have built and, above all, the people who have been part of the journey.<\/p>\n\n\n\n<p class=\"wp-block-paragraph\"><strong>How did Sk\u00e5l come into your life and what did you find at the club that made you become more and more involved?<\/strong><\/p>\n\n\n\n<figure class=\"wp-block-image size-large\"><img fetchpriority=\"high\" decoding=\"async\" width=\"1024\" height=\"475\" src=\"https:\/\/sinergiaskal.com\/wp-content\/uploads\/2026\/08\/grupo_puerto_1250x580_FINAL-1024x475.webp\" alt=\"Carolina Gallego with members of Sk\u00e5l during a meeting on the Costa del Sol\" class=\"wp-image-2946\" srcset=\"https:\/\/sinergiaskal.com\/wp-content\/uploads\/2026\/08\/grupo_puerto_1250x580_FINAL-1024x475.webp 1024w, https:\/\/sinergiaskal.com\/wp-content\/uploads\/2026\/08\/grupo_puerto_1250x580_FINAL-300x139.webp 300w, https:\/\/sinergiaskal.com\/wp-content\/uploads\/2026\/08\/grupo_puerto_1250x580_FINAL-767x356.webp 767w, https:\/\/sinergiaskal.com\/wp-content\/uploads\/2026\/08\/grupo_puerto_1250x580_FINAL-18x8.webp 18w, https:\/\/sinergiaskal.com\/wp-content\/uploads\/2026\/08\/grupo_puerto_1250x580_FINAL.webp 1250w\" sizes=\"(max-width: 1024px) 100vw, 1024px\" \/><\/figure>\n\n\n\n<p class=\"wp-block-paragraph\">I don&#039;t remember exactly who was the first person to tell me about Sk\u00e5l, but I do especially remember Andr\u00e9s Arcos, who was one of the people who met with me and played an important role in my joining.<\/p>\n\n\n\n<p class=\"wp-block-paragraph\">At the time, it caught my attention because I saw an association with enormous potential, one that would allow me to connect with professionals in the sector and participate in a very interesting network, all with a very affordable annual fee. It also helped that the club was very close to my office, because it made it easy for me to get involved.<\/p>\n\n\n\n<p class=\"wp-block-paragraph\">I joined seeing a professional opportunity and a way to connect with the industry, although at the time I had no idea what role Sk\u00e5l would end up playing in my life.<\/p>\n\n\n\n<p class=\"wp-block-paragraph\"><strong>Sk\u00e5l talks about doing business among friends. How has that philosophy translated into your own experience?<\/strong><\/p>\n\n\n\n<figure class=\"wp-block-image size-large\"><img decoding=\"async\" width=\"1024\" height=\"475\" src=\"https:\/\/sinergiaskal.com\/wp-content\/uploads\/2026\/08\/07_carolina_skal_espana_1250x580-1024x475.webp\" alt=\"Carolina Gallego with colleagues from Sk\u00e5l during a professional meeting\" class=\"wp-image-2947\" srcset=\"https:\/\/sinergiaskal.com\/wp-content\/uploads\/2026\/08\/07_carolina_skal_espana_1250x580-1024x475.webp 1024w, https:\/\/sinergiaskal.com\/wp-content\/uploads\/2026\/08\/07_carolina_skal_espana_1250x580-300x139.webp 300w, https:\/\/sinergiaskal.com\/wp-content\/uploads\/2026\/08\/07_carolina_skal_espana_1250x580-767x356.webp 767w, https:\/\/sinergiaskal.com\/wp-content\/uploads\/2026\/08\/07_carolina_skal_espana_1250x580-18x8.webp 18w, https:\/\/sinergiaskal.com\/wp-content\/uploads\/2026\/08\/07_carolina_skal_espana_1250x580.webp 1250w\" sizes=\"(max-width: 1024px) 100vw, 1024px\" \/><\/figure>\n\n\n\n<p class=\"wp-block-paragraph\">I think that&#039;s precisely one of the most beautiful things Sk\u00e5l has given me. You arrive through the professional sphere, you share meetings, projects, trips and events, and almost without realizing it, many of those relationships end up becoming true friendships.<\/p>\n\n\n\n<p class=\"wp-block-paragraph\">I wouldn&#039;t want to name anyone in particular because it would be difficult to choose, and I wouldn&#039;t want to leave out important people. The wonderful thing is that I continue to make wonderful friends and colleagues every day, people with whom I share much more than just a professional relationship.<\/p>\n\n\n\n<p class=\"wp-block-paragraph\">For me, that&#039;s the true essence of Sk\u00e5l: businesses may come and go, but what truly remains are the people and friendships you build along the way.<\/p>\n\n\n\n<p class=\"wp-block-paragraph\"><strong>You are now president of Sk\u00e5l M\u00e1laga-Costa del Sol. What kind of club do you want to build during this time?<\/strong><\/p>\n\n\n\n<p class=\"wp-block-paragraph\">I would like to bring approachability, dynamism, and a highly participatory vision. I believe Sk\u00e5l should be a space where all members feel they can contribute, learn, and create opportunities.<\/p>\n\n\n\n<p class=\"wp-block-paragraph\">Our main objectives include strengthening participation, incorporating new professional profiles, fostering closer ties with other national and international clubs, and increasing Sk\u00e5l&#039;s visibility within the tourism sector. I also want to promote productive meetings, training, the exchange of experiences, and spaces where genuine collaborations can emerge.<\/p>\n\n\n\n<p class=\"wp-block-paragraph\">I would like every member to find in Sk\u00e5l a community where they feel comfortable, where they can contribute and where they can also find opportunities for professional and personal growth.<\/p>\n\n\n\n<p class=\"wp-block-paragraph\"><strong>M\u00e1laga and the Costa del Sol are experiencing a period of tremendous growth. How can we continue to grow without losing our balance?<\/strong><\/p>\n\n\n\n<p class=\"wp-block-paragraph\">We are living through an extraordinary time. Our destination has managed to position itself as an international benchmark thanks to a powerful combination: infrastructure, connectivity, cultural offerings, gastronomy, climate, quality of life, and a highly professional business community.<\/p>\n\n\n\n<p class=\"wp-block-paragraph\">But this very success also compels us to face new challenges. We must continue to grow with careful planning, safeguard our resources, commit to sustainability, manage our relationships with residents effectively, and maintain the excellence that has brought us this far.<\/p>\n\n\n\n<p class=\"wp-block-paragraph\">Unsustainable growth ultimately harms the destination itself. For me, truly sustainable tourism is that which generates wealth, employment, and opportunities, while simultaneously respecting the environment, local culture, and the quality of life of those who live in the destination.<\/p>\n\n\n\n<p class=\"wp-block-paragraph\"><strong>Technology is transforming tourism at a rapid pace. Where do you see the biggest challenge for professionals?<\/strong><\/p>\n\n\n\n<p class=\"wp-block-paragraph\">The biggest challenge will be adaptation. Artificial intelligence, digitalization and new traveler habits are rapidly changing the way we work.<\/p>\n\n\n\n<p class=\"wp-block-paragraph\">But beyond technology, the real challenge will be maintaining a balance between innovation and human interaction. Technology should help us be more efficient, but it should never make us lose touch with people.<\/p>\n\n\n\n<p class=\"wp-block-paragraph\">And this adaptation must also extend to Sk\u00e5l. If we want to connect with new generations, the first step is to listen to them. They have a different understanding of work, training, and professional relationships. We must adapt to this reality without losing our essence and foster intergenerational exchange.<\/p>\n\n\n\n<p class=\"wp-block-paragraph\"><strong>Sk\u00e5l combines a strong local presence with an international network. Are we making the most of that dimension?<\/strong><\/p>\n\n\n\n<figure class=\"wp-block-image size-large\"><img decoding=\"async\" width=\"1024\" height=\"475\" src=\"https:\/\/sinergiaskal.com\/wp-content\/uploads\/2026\/08\/grupo_skal_espana_1250x580-1024x475.webp\" alt=\"Carolina Gallego with colleagues from Sk\u00e5l during a professional meeting\" class=\"wp-image-2948\" srcset=\"https:\/\/sinergiaskal.com\/wp-content\/uploads\/2026\/08\/grupo_skal_espana_1250x580-1024x475.webp 1024w, https:\/\/sinergiaskal.com\/wp-content\/uploads\/2026\/08\/grupo_skal_espana_1250x580-300x139.webp 300w, https:\/\/sinergiaskal.com\/wp-content\/uploads\/2026\/08\/grupo_skal_espana_1250x580-767x356.webp 767w, https:\/\/sinergiaskal.com\/wp-content\/uploads\/2026\/08\/grupo_skal_espana_1250x580-18x8.webp 18w, https:\/\/sinergiaskal.com\/wp-content\/uploads\/2026\/08\/grupo_skal_espana_1250x580.webp 1250w\" sizes=\"(max-width: 1024px) 100vw, 1024px\" \/><\/figure>\n\n\n\n<p class=\"wp-block-paragraph\">That is precisely one of the great advantages of belonging to Sk\u00e5l. We are part of an international network made up of thousands of professionals from all over the world. This opens doors to collaborations, knowledge exchange, business opportunities, and joint projects that would be difficult to achieve otherwise.<\/p>\n\n\n\n<p class=\"wp-block-paragraph\">We must make much better use of this network and transform it into a useful and accessible tool for our members. And, from M\u00e1laga and Andalusia, Sk\u00e5l can also be a meeting point that fosters dialogue, cooperation, and the exchange of knowledge among companies, institutions, and professionals.<\/p>\n\n\n\n<p class=\"wp-block-paragraph\"><strong>The presidency demands time and energy. On a personal level, what does it mean to you, and what would you like to see left behind when this stage is over?<\/strong><\/p>\n\n\n\n<figure class=\"wp-block-image size-large\"><img loading=\"lazy\" decoding=\"async\" width=\"1024\" height=\"475\" src=\"https:\/\/sinergiaskal.com\/wp-content\/uploads\/2026\/08\/carolina_skal_espana_1250x580-1024x475.webp\" alt=\"\" class=\"wp-image-2950\" srcset=\"https:\/\/sinergiaskal.com\/wp-content\/uploads\/2026\/08\/carolina_skal_espana_1250x580-1024x475.webp 1024w, https:\/\/sinergiaskal.com\/wp-content\/uploads\/2026\/08\/carolina_skal_espana_1250x580-300x139.webp 300w, https:\/\/sinergiaskal.com\/wp-content\/uploads\/2026\/08\/carolina_skal_espana_1250x580-767x356.webp 767w, https:\/\/sinergiaskal.com\/wp-content\/uploads\/2026\/08\/carolina_skal_espana_1250x580-18x8.webp 18w, https:\/\/sinergiaskal.com\/wp-content\/uploads\/2026\/08\/carolina_skal_espana_1250x580.webp 1250w\" sizes=\"(max-width: 1024px) 100vw, 1024px\" \/><\/figure>\n\n\n\n<p class=\"wp-block-paragraph\">It requires, above all, time and commitment. I have my company, my family, my friends, and my personal life, and taking on the presidency means finding time where there often isn&#039;t any, getting organized, and sometimes giving up some of my free time.<\/p>\n\n\n\n<p class=\"wp-block-paragraph\">But it also gives me so much. It allows me to meet extraordinary people, learn from other professionals, have experiences I probably wouldn&#039;t otherwise have, and feel like I&#039;m doing my part to help the club continue to grow.<\/p>\n\n\n\n<p class=\"wp-block-paragraph\">When this chapter finally ends, I'd like to be remembered as someone approachable, accessible, and always available to everyone. I want every member to feel they can come to me, suggest an idea, raise a problem, or simply share a good time. Projects end and positions come and go, but how you've treated people is what remains.<\/p>\n\n\n\n<p class=\"wp-block-paragraph\"><strong>To conclude, a question that the twelve presidents of this series will answer: if you had to define Sk\u00e5l in a single sentence, what would it be?<\/strong><\/p>\n\n\n\n<p class=\"wp-block-paragraph\">\u00ab&quot;Sk\u00e5l is about turning professional relationships into lasting friendships.&quot;\u00bb<\/p>","protected":false},"excerpt":{"rendered":"<p>\u00ab&quot;The best opportunities arise when we share knowledge, trust, and friendship.&quot;\u00bb<\/p>","protected":false},"author":5,"featured_media":3847,"comment_status":"closed","ping_status":"closed","sticky":false,"template":"","format":"standard","meta":{"footnotes":""},"categories":[38],"tags":[50,47,49,48],"class_list":["post-1051","post","type-post","status-publish","format-standard","has-post-thumbnail","hentry","category-al-frente-de-skal","tag-asociacionismo","tag-skal-espana","tag-skal-international","tag-skal-malaga-costa-del-sol"],"_links":{"self":[{"href":"https:\/\/sinergiaskal.com\/en\/wp-json\/wp\/v2\/posts\/1051","targetHints":{"allow":["GET"]}}],"collection":[{"href":"https:\/\/sinergiaskal.com\/en\/wp-json\/wp\/v2\/posts"}],"about":[{"href":"https:\/\/sinergiaskal.com\/en\/wp-json\/wp\/v2\/types\/post"}],"author":[{"embeddable":true,"href":"https:\/\/sinergiaskal.com\/en\/wp-json\/wp\/v2\/users\/5"}],"replies":[{"embeddable":true,"href":"https:\/\/sinergiaskal.com\/en\/wp-json\/wp\/v2\/comments?post=1051"}],"version-history":[{"count":13,"href":"https:\/\/sinergiaskal.com\/en\/wp-json\/wp\/v2\/posts\/1051\/revisions"}],"predecessor-version":[{"id":4252,"href":"https:\/\/sinergiaskal.com\/en\/wp-json\/wp\/v2\/posts\/1051\/revisions\/4252"}],"wp:featuredmedia":[{"embeddable":true,"href":"https:\/\/sinergiaskal.com\/en\/wp-json\/wp\/v2\/media\/3847"}],"wp:attachment":[{"href":"https:\/\/sinergiaskal.com\/en\/wp-json\/wp\/v2\/media?parent=1051"}],"wp:term":[{"taxonomy":"category","embeddable":true,"href":"https:\/\/sinergiaskal.com\/en\/wp-json\/wp\/v2\/categories?post=1051"},{"taxonomy":"post_tag","embeddable":true,"href":"https:\/\/sinergiaskal.com\/en\/wp-json\/wp\/v2\/tags?post=1051"}],"curies":[{"name":"wp","href":"https:\/\/api.w.org\/{rel}","templated":true}]}}