{"id":1272,"date":"2026-09-01T08:07:01","date_gmt":"2026-09-01T06:07:01","guid":{"rendered":"https:\/\/sinergiaskal.com\/?p=1272"},"modified":"2026-09-01T08:56:43","modified_gmt":"2026-09-01T06:56:43","slug":"68th-national-skal-congress-seville-2026","status":"publish","type":"post","link":"https:\/\/sinergiaskal.com\/en\/skal\/68-o-congreso-nacional-de-skal-sevilla-2026\/","title":{"rendered":"\u201cWe want congress attendees to experience Seville the way Sevillians do.\u201d"},"content":{"rendered":"<p class=\"wp-block-paragraph\">Seville will be the setting for <strong>68th National Congress of Sk\u00e5l Spain<\/strong>, a meeting that Sk\u00e5l International Sevilla faces with the dual feeling of someone who receives an honor and, at the same time, assumes an important responsibility.<\/p>\n\n\n\n<p class=\"wp-block-paragraph\">Under the motto <strong>\u00ab&quot;Tourism with Soul&quot;\u00bb<\/strong>, The Seville club wants to go beyond the well-known image of the capital and reveal to participants another dimension of the destination: the province, its products, its gastronomy, its traditions and, especially, the people who make the tourist experience possible.<\/p>\n\n\n\n<p class=\"wp-block-paragraph\">We talked with <strong>Manuel Dom\u00ednguez Sol\u00eds<\/strong>, president of Sk\u00e5l International Sevilla, about the philosophy behind the Congress and what they hope participants will take away with them when they return home.<\/p>\n\n\n\n<h4 class=\"wp-block-heading\">Manuel, what does it mean for Sk\u00e5l Sevilla to take on the organization of the 68th National Congress?<\/h4>\n\n\n\n<p class=\"wp-block-paragraph\">For Sk\u00e5l Sevilla, the celebration of the 68th National Congress has a dual aspect: the honor of being in charge of organizing it and, at the same time, the commitment that its realization entails.<\/p>\n\n\n\n<p class=\"wp-block-paragraph\">We want to thank Sk\u00e5l Spain for the trust they have placed in us, and this encourages us to recover the spirit of those congresses in which every hour served a common purpose: to get to know each other better, to share experiences and to live out the philosophy of our organization, which is about building friendships through working and collaborating together.<\/p>\n\n\n\n<p class=\"wp-block-paragraph\">Our ultimate goal is to achieve the full satisfaction of all participating members.<\/p>\n\n\n\n<h4 class=\"wp-block-heading\">You have chosen &quot;Tourism with Soul&quot; as the motto for the Congress. What does it mean to you?<\/h4>\n\n\n\n<p class=\"wp-block-paragraph\">For us, it is a motto that perfectly reflects what we want to convey.<\/p>\n\n\n\n<p class=\"wp-block-paragraph\">We want to go beyond concepts such as urban planning, history, culture, or tradition and focus on the true essence of tourism.<\/p>\n\n\n\n<p class=\"wp-block-paragraph\">Tourism is about discovering new places, cultures, and traditions, but none of that would be possible without those who welcome visitors: local people and tourism professionals. Much of a destination's success lies in its unique character and in the professionalism of the people who work there.<\/p>\n\n\n\n<p class=\"wp-block-paragraph\">We want to further develop this way of understanding tourism, treating our clients like true friends and loved ones. That affection, born from the people who live in a place so that others can enjoy what they themselves love, is, for us, the soul of tourism.<\/p>\n\n\n\n<figure class=\"wp-block-image aligncenter is-resized\"><img fetchpriority=\"high\" decoding=\"async\" width=\"1024\" height=\"576\" src=\"https:\/\/sinergiaskal.com\/wp-content\/uploads\/2026\/08\/la-soledad-w-1024x576.webp\" alt=\"Andalusian heritage as a setting for professional meetings and conferences\" class=\"wp-image-2440\" style=\"aspect-ratio:1.7777777777777777;width:800px;height:auto\" srcset=\"https:\/\/sinergiaskal.com\/wp-content\/uploads\/2026\/08\/la-soledad-w-1024x576.webp 1024w, https:\/\/sinergiaskal.com\/wp-content\/uploads\/2026\/08\/la-soledad-w-300x169.webp 300w, https:\/\/sinergiaskal.com\/wp-content\/uploads\/2026\/08\/la-soledad-w-768x432.webp 768w, https:\/\/sinergiaskal.com\/wp-content\/uploads\/2026\/08\/la-soledad-w-18x10.webp 18w, https:\/\/sinergiaskal.com\/wp-content\/uploads\/2026\/08\/la-soledad-w.webp 1250w\" sizes=\"(max-width: 1024px) 100vw, 1024px\" \/><\/figure>\n\n\n\n<p class=\"wp-block-paragraph\"><\/p>\n\n\n\n<h4 class=\"wp-block-heading\">Seville is world-renowned. What different perspective did you want to bring to the programme?<\/h4>\n\n\n\n<p class=\"wp-block-paragraph\">We all know that Seville is an outstanding tourist destination, but with this Congress we wanted to go a step further.<\/p>\n\n\n\n<p class=\"wp-block-paragraph\">Our aim is not only to showcase the Seville everyone knows, but also to introduce visitors to new experiences, from touring olive mills and wineries to enjoying the rich gastronomy of the province.<\/p>\n\n\n\n<p class=\"wp-block-paragraph\">These are attractions and experiences that are not always included in traditional itineraries, and we want to highlight the important role they play in shaping Seville's history, culture, and identity.<\/p>\n\n\n\n<h3 class=\"wp-block-heading\">The province will therefore have a special role.<\/h3>\n\n\n\n<p class=\"wp-block-paragraph\">Absolutely. Even a small increase in awareness of the province of Seville can be an eye-opening experience for many congress attendees.<\/p>\n\n\n\n<p class=\"wp-block-paragraph\">We see the city of Seville as the jewel in the crown, but this Congress also gives us the opportunity to showcase the wider province: its countryside, olive groves, olive oil heritage and agricultural traditions, all of which have shaped our history and contributed to who we are today.<\/p>\n\n\n\n<p class=\"wp-block-paragraph\">It is also a way of honouring our heritage, our gastronomy, and the unique character of a province whose people are known for their warmth and hospitality.<\/p>\n\n\n\n<figure class=\"wp-block-image aligncenter is-resized\"><img decoding=\"async\" width=\"1248\" height=\"573\" src=\"https:\/\/sinergiaskal.com\/wp-content\/uploads\/2026\/08\/gongora.webp\" alt=\"The Royal Alc\u00e1zar of Seville, one of the city&#039;s main cultural attractions\" class=\"wp-image-2443\" style=\"aspect-ratio:2.1780104712041886;width:1248px;height:auto\" srcset=\"https:\/\/sinergiaskal.com\/wp-content\/uploads\/2026\/08\/gongora.webp 1248w, https:\/\/sinergiaskal.com\/wp-content\/uploads\/2026\/08\/gongora-300x138.webp 300w, https:\/\/sinergiaskal.com\/wp-content\/uploads\/2026\/08\/gongora-1024x470.webp 1024w, https:\/\/sinergiaskal.com\/wp-content\/uploads\/2026\/08\/gongora-768x353.webp 768w, https:\/\/sinergiaskal.com\/wp-content\/uploads\/2026\/08\/gongora-18x8.webp 18w\" sizes=\"(max-width: 1248px) 100vw, 1248px\" \/><\/figure>\n\n\n\n<p class=\"wp-block-paragraph\"><\/p>\n\n\n\n<h4 class=\"wp-block-heading\">A Sk\u00e5l Congress is also an opportunity to strengthen relationships among the members themselves. How important is this camaraderie to you?<\/h4>\n\n\n\n<p class=\"wp-block-paragraph\">The Congress is a continuation of Sk\u00e5l&#039;s own philosophy.<\/p>\n\n\n\n<p class=\"wp-block-paragraph\">All members have both the right and the responsibility to share our experiences with other Sk\u00e5legas, so that personal relationships can become even stronger than professional ones.<\/p>\n\n\n\n<p class=\"wp-block-paragraph\">Both go hand in hand, but the most important thing is always the person: the professional and the opportunity to share experiences with people who understand relationships in much the same way as you do.<\/p>\n\n\n\n<h4 class=\"wp-block-heading\">What role do you think Sk\u00e5l can play in the evolution of tourism?<\/h4>\n\n\n\n<p class=\"wp-block-paragraph\">Sk\u00e5l can significantly help advance tourism by relying precisely on the essential principles of our organization.<\/p>\n\n\n\n<p class=\"wp-block-paragraph\">We must strive for higher quality, greater commitment, and a more sustainable sector. All of this can help us pave the way and actively participate in the search for better proposals for the future of tourism.<\/p>\n\n\n\n<figure class=\"wp-block-image aligncenter is-resized\"><img decoding=\"async\" width=\"773\" height=\"580\" src=\"https:\/\/sinergiaskal.com\/wp-content\/uploads\/2026\/08\/real-alczar-de-sevilla-en-andaluca-espaa_52618967276_o_0-1.jpg\" alt=\"Historic center of Seville and its cultural and tourist offerings\" class=\"wp-image-2444\" style=\"width:773px;height:auto\" title=\"\" srcset=\"https:\/\/sinergiaskal.com\/wp-content\/uploads\/2026\/08\/real-alczar-de-sevilla-en-andaluca-espaa_52618967276_o_0-1.jpg 773w, https:\/\/sinergiaskal.com\/wp-content\/uploads\/2026\/08\/real-alczar-de-sevilla-en-andaluca-espaa_52618967276_o_0-1-300x225.jpg 300w, https:\/\/sinergiaskal.com\/wp-content\/uploads\/2026\/08\/real-alczar-de-sevilla-en-andaluca-espaa_52618967276_o_0-1-768x576.jpg 768w, https:\/\/sinergiaskal.com\/wp-content\/uploads\/2026\/08\/real-alczar-de-sevilla-en-andaluca-espaa_52618967276_o_0-1-16x12.jpg 16w\" sizes=\"(max-width: 773px) 100vw, 773px\" \/><\/figure>\n\n\n\n<p class=\"wp-block-paragraph\"><\/p>\n\n\n\n<h4 class=\"wp-block-heading\">M\u00e1laga and Seville are two key tourist destinations in Andalusia. Is there room for greater collaboration?<\/h4>\n\n\n\n<p class=\"wp-block-paragraph\">I believe there should be a close relationship between both clubs and that this relationship could also help the administrations understand tourism from a broader territorial perspective.<\/p>\n\n\n\n<p class=\"wp-block-paragraph\">If we look at it closely, greater collaboration between the two territories can only broaden the range of services and experiences available to visitors.<\/p>\n\n\n\n<p class=\"wp-block-paragraph\">A genuine tourism connection between the two destinations, supported by transport links that facilitate a steady flow of visitors \u2014 with high-speed rail as the clearest example of that connection \u2014 would greatly increase the potential of what we have to offer.<\/p>\n\n\n\n<p class=\"wp-block-paragraph\">I sincerely believe that we could become a national benchmark, jointly creating one of the largest and most attractive tourist areas in Spain.<\/p>\n\n\n\n<figure class=\"wp-block-image aligncenter is-resized\"><img loading=\"lazy\" decoding=\"async\" width=\"1024\" height=\"682\" src=\"https:\/\/sinergiaskal.com\/wp-content\/uploads\/2026\/08\/HDMaria-w-1024x682.webp\" alt=\"Facade of the Hotel Do\u00f1a Mar\u00eda in Seville\" class=\"wp-image-2442\" style=\"aspect-ratio:1.5009380863039399;width:800px;height:auto\" srcset=\"https:\/\/sinergiaskal.com\/wp-content\/uploads\/2026\/08\/HDMaria-w-1024x682.webp 1024w, https:\/\/sinergiaskal.com\/wp-content\/uploads\/2026\/08\/HDMaria-w-300x200.webp 300w, https:\/\/sinergiaskal.com\/wp-content\/uploads\/2026\/08\/HDMaria-w-768x512.webp 768w, https:\/\/sinergiaskal.com\/wp-content\/uploads\/2026\/08\/HDMaria-w-18x12.webp 18w, https:\/\/sinergiaskal.com\/wp-content\/uploads\/2026\/08\/HDMaria-w.webp 1250w\" sizes=\"(max-width: 1024px) 100vw, 1024px\" \/><\/figure>\n\n\n\n<p class=\"wp-block-paragraph\"><\/p>\n\n\n\n<h4 class=\"wp-block-heading\">What would you like those participating in the Congress to discover about Seville?<\/h4>\n\n\n\n<p class=\"wp-block-paragraph\">Our character, our culture and our gastronomy, but experienced through what is truly authentic: who we are and where we come from.<\/p>\n\n\n\n<p class=\"wp-block-paragraph\">We don&#039;t just want them to visit Seville. We want them to <strong>Live the experience, feel Seville and its people<\/strong>.<\/p>\n\n\n\n<h4 class=\"wp-block-heading\">When the Congress is over, what feeling would you like the participants to return to their cities with?<\/h4>\n\n\n\n<p class=\"wp-block-paragraph\">We would love to have met their expectations and for all the participants to leave fully satisfied, perhaps even with a touch of sadness at having to say goodbye.<\/p>\n\n\n\n<p class=\"wp-block-paragraph\">We would like their perception of our region to have changed for the better and for them to return home with an even more positive impression, becoming ambassadors for everything they have discovered during these days in Seville.<\/p>\n\n\n\n<h4 class=\"wp-block-heading\">And personally, as president of Sk\u00e5l Sevilla, what will it mean for you to have organized this Congress?<\/h4>\n\n\n\n<p class=\"wp-block-paragraph\">In a way, my last answer goes back to the first one.<\/p>\n\n\n\n<p class=\"wp-block-paragraph\">Committing to this Congress means wanting to share with all my colleagues our particular vision of the territory, our idiosyncrasies and our way of life.<\/p>\n\n\n\n<p class=\"wp-block-paragraph\">I want to share the very best of what we have to offer and, above all, achieve something that is fundamental to me: <strong>that they experience Seville the way a Sevillian does.<\/strong>.<\/p>\n\n\n\n<figure class=\"wp-block-image size-large\"><img loading=\"lazy\" decoding=\"async\" width=\"1024\" height=\"475\" src=\"https:\/\/sinergiaskal.com\/wp-content\/uploads\/2026\/08\/flamenco-1024x475.webp\" alt=\"Flamenco dancer performing in a traditional Seville courtyard\" class=\"wp-image-3454\" srcset=\"https:\/\/sinergiaskal.com\/wp-content\/uploads\/2026\/08\/flamenco-1024x475.webp 1024w, https:\/\/sinergiaskal.com\/wp-content\/uploads\/2026\/08\/flamenco-300x139.webp 300w, https:\/\/sinergiaskal.com\/wp-content\/uploads\/2026\/08\/flamenco-767x356.webp 767w, https:\/\/sinergiaskal.com\/wp-content\/uploads\/2026\/08\/flamenco-18x8.webp 18w, https:\/\/sinergiaskal.com\/wp-content\/uploads\/2026\/08\/flamenco.webp 1250w\" sizes=\"(max-width: 1024px) 100vw, 1024px\" \/><\/figure>\n\n\n\n<p class=\"wp-block-paragraph\"><\/p>\n\n\n\n<p class=\"wp-block-paragraph\">There is nothing more beautiful than sharing the good things in life with the people you appreciate.<\/p>\n\n\n\n<p class=\"wp-block-paragraph\">Sk\u00e5l International brings together clubs, cultures, activities and countries, but in the end, <strong>there is only one true Sk\u00e5l: the soul of tourism.<\/strong><\/p>\n\n\n\n<p class=\"wp-block-paragraph\"><a href=\"https:\/\/sinergiaskal.com\/en\/events\/skal-spain-congress\/\"><strong>VIEW PROGRAM<\/strong><\/a><\/p>","protected":false},"excerpt":{"rendered":"<p>Sevilla ser\u00e1 escenario del 68\u00ba Congreso Nacional de Sk\u00e5l Espa\u00f1a, una cita que Sk\u00e5l International Sevilla afronta con el doble sentimiento de quien recibe un honor y, al mismo tiempo, asume una importante responsabilidad. Bajo el lema \u00abTurismo con Alma\u00bb, el club sevillano quiere ir m\u00e1s all\u00e1 de la imagen conocida de la capital y [&hellip;]<\/p>\n","protected":false},"author":5,"featured_media":3005,"comment_status":"closed","ping_status":"closed","sticky":false,"template":"","format":"standard","meta":{"footnotes":""},"categories":[19],"tags":[81,50,47,49,48],"class_list":["post-1272","post","type-post","status-publish","format-standard","has-post-thumbnail","hentry","category-skal","tag-actualidad-skal","tag-asociacionismo","tag-skal-espana","tag-skal-international","tag-skal-malaga-costa-del-sol"],"_links":{"self":[{"href":"https:\/\/sinergiaskal.com\/en\/wp-json\/wp\/v2\/posts\/1272","targetHints":{"allow":["GET"]}}],"collection":[{"href":"https:\/\/sinergiaskal.com\/en\/wp-json\/wp\/v2\/posts"}],"about":[{"href":"https:\/\/sinergiaskal.com\/en\/wp-json\/wp\/v2\/types\/post"}],"author":[{"embeddable":true,"href":"https:\/\/sinergiaskal.com\/en\/wp-json\/wp\/v2\/users\/5"}],"replies":[{"embeddable":true,"href":"https:\/\/sinergiaskal.com\/en\/wp-json\/wp\/v2\/comments?post=1272"}],"version-history":[{"count":22,"href":"https:\/\/sinergiaskal.com\/en\/wp-json\/wp\/v2\/posts\/1272\/revisions"}],"predecessor-version":[{"id":3461,"href":"https:\/\/sinergiaskal.com\/en\/wp-json\/wp\/v2\/posts\/1272\/revisions\/3461"}],"wp:featuredmedia":[{"embeddable":true,"href":"https:\/\/sinergiaskal.com\/en\/wp-json\/wp\/v2\/media\/3005"}],"wp:attachment":[{"href":"https:\/\/sinergiaskal.com\/en\/wp-json\/wp\/v2\/media?parent=1272"}],"wp:term":[{"taxonomy":"category","embeddable":true,"href":"https:\/\/sinergiaskal.com\/en\/wp-json\/wp\/v2\/categories?post=1272"},{"taxonomy":"post_tag","embeddable":true,"href":"https:\/\/sinergiaskal.com\/en\/wp-json\/wp\/v2\/tags?post=1272"}],"curies":[{"name":"wp","href":"https:\/\/api.w.org\/{rel}","templated":true}]}}