{"id":3795,"date":"2026-09-04T10:30:00","date_gmt":"2026-09-04T08:30:00","guid":{"rendered":"https:\/\/sinergiaskal.com\/?p=3795"},"modified":"2026-09-04T18:35:55","modified_gmt":"2026-09-04T16:35:55","slug":"nuestro-rol-como-anfitriones-permanece-inalterable","status":"publish","type":"post","link":"https:\/\/sinergiaskal.com\/en\/al-frente-de-skal\/nuestro-rol-como-anfitriones-permanece-inalterable\/","title":{"rendered":"\u00abNuestro rol como anfitriones permanece inalterable\u00bb"},"content":{"rendered":"<p class=\"wp-block-paragraph\"><em>Sk\u00e5l International Canarias Islas Orientales afronta una etapa de consolidaci\u00f3n con la mirada puesta en conectar a los profesionales de Lanzarote, Fuerteventura y La Graciosa. Fernando, que asumi\u00f3 la presidencia en 2025 y desarrolla su actividad profesional como director de hotel, habla de los retos de un club joven, de la evoluci\u00f3n del turismo en Canarias y de la necesidad de compatibilizar la hospitalidad con el respeto a la cultura, el territorio y el medioambiente de las islas.<\/em><\/p>\n\n\n\n<p class=\"wp-block-paragraph\"><strong>Fernando, asumiste la presidencia de <a href=\"https:\/\/www.skal.org\/es_ES\/\" target=\"_blank\" rel=\"noopener\">Sk\u00e5l International<\/a> Canarias Islas Orientales en 2025. \u00bfQu\u00e9 te llev\u00f3 a dar ese paso y con qu\u00e9 objetivos comenzaste esta nueva etapa?<\/strong><\/p>\n\n\n\n<p class=\"wp-block-paragraph\">Es un proyecto pr\u00e1cticamente reci\u00e9n nacido. Mis compa\u00f1eros me pidieron apoyo para sacarlo adelante y, gracias al respaldo y al compromiso de toda la junta directiva, eso es exactamente lo que estamos haciendo: trabajar en equipo para consolidar las bases del club.<\/p>\n\n\n\n<p class=\"wp-block-paragraph\"><strong>\u00bfC\u00f3mo definir\u00edas hoy a Sk\u00e5l Canarias Islas Orientales y qu\u00e9 crees que lo distingue dentro de nuestra organizaci\u00f3n?<\/strong><\/p>\n\n\n\n<p class=\"wp-block-paragraph\">Es un proyecto realmente bonito e ilusionante porque nace con la ambici\u00f3n de unir a profesionales de tres islas \u2014Lanzarote, Fuerteventura y La Graciosa\u2014, con todas las oportunidades de sinergia y colaboraci\u00f3n que eso supone. La verdad es que vamos por muy buen camino.<\/p>\n\n\n\n<figure class=\"wp-block-image size-large\"><img fetchpriority=\"high\" decoding=\"async\" width=\"1024\" height=\"475\" src=\"https:\/\/sinergiaskal.com\/wp-content\/uploads\/2026\/08\/presidente-vice-Fuerteventura-y-vice-lanzarote-1024x475.webp\" alt=\"Fernando Ben\u00edtez conversando con miembros de Sk\u00e5l International Canarias Islas Orientales\" class=\"wp-image-3806\" srcset=\"https:\/\/sinergiaskal.com\/wp-content\/uploads\/2026\/08\/presidente-vice-Fuerteventura-y-vice-lanzarote-1024x475.webp 1024w, https:\/\/sinergiaskal.com\/wp-content\/uploads\/2026\/08\/presidente-vice-Fuerteventura-y-vice-lanzarote-300x139.webp 300w, https:\/\/sinergiaskal.com\/wp-content\/uploads\/2026\/08\/presidente-vice-Fuerteventura-y-vice-lanzarote-767x356.webp 767w, https:\/\/sinergiaskal.com\/wp-content\/uploads\/2026\/08\/presidente-vice-Fuerteventura-y-vice-lanzarote-18x8.webp 18w, https:\/\/sinergiaskal.com\/wp-content\/uploads\/2026\/08\/presidente-vice-Fuerteventura-y-vice-lanzarote.webp 1250w\" sizes=\"(max-width: 1024px) 100vw, 1024px\" \/><figcaption class=\"wp-element-caption\">Fernando Ben\u00edtez, durante un encuentro de Sk\u00e5l International Canarias Islas Orientales.<\/figcaption><\/figure>\n\n\n\n<p class=\"wp-block-paragraph\"><strong>Tu actividad profesional como director de hotel te mantiene en contacto diario con clientes, trabajadores, proveedores y otros profesionales del destino. \u00bfC\u00f3mo est\u00e1 cambiando la hoteler\u00eda y cu\u00e1les son los retos que m\u00e1s te preocupan desde la gesti\u00f3n diaria?<\/strong><\/p>\n\n\n\n<p class=\"wp-block-paragraph\">En mi d\u00eda a d\u00eda veo perfectamente c\u00f3mo el perfil del viajero y la hoteler\u00eda est\u00e1n evolucionando. Sin embargo, hay un pilar fundamental que permanece inalterable: nuestro rol como anfitriones. Debemos conseguir que quienes nos visitan se sientan genuinamente bienvenidos, pero al mismo tiempo tenemos la responsabilidad de transmitirles la importancia de observar, valorar y respetar la cultura y el medioambiente locales.<\/p>\n\n\n\n<p class=\"wp-block-paragraph\"><strong>Hablar de turismo en Canarias supone hablar de una actividad esencial para su econom\u00eda, pero tambi\u00e9n de territorio, recursos y convivencia. \u00bfC\u00f3mo crees que debe evolucionar el modelo tur\u00edstico de las islas durante los pr\u00f3ximos a\u00f1os?<\/strong><\/p>\n\n\n\n<p class=\"wp-block-paragraph\">Debemos poner en valor el enorme patrimonio cultural y natural de nuestro territorio. El objetivo es lograr que la percepci\u00f3n del visitante vaya mucho m\u00e1s all\u00e1 del cl\u00e1sico concepto de \u00absol y playa\u00bb \u2014que, por supuesto, sigue siendo un pilar clave\u2014, ofreciendo un relato integral y sostenible de lo que significan las islas.<\/p>\n\n\n\n<p class=\"wp-block-paragraph\"><strong>Lanzarote lleva d\u00e9cadas vinculando su desarrollo tur\u00edstico a la protecci\u00f3n de un territorio extraordinariamente singular. \u00bfQu\u00e9 puede aportar esa experiencia al debate actual sobre sostenibilidad y crecimiento tur\u00edstico?<\/strong><\/p>\n\n\n\n<p class=\"wp-block-paragraph\">En Sk\u00e5l International Canarias Islas Orientales estamos convencidos de que nuestro bagaje debe estar presente en los foros de debate tur\u00edstico. Aportamos el testimonio del d\u00eda a d\u00eda en la gesti\u00f3n operativa y de destino. Esa perspectiva real nos permite ayudar a los responsables p\u00fablicos a tomar decisiones estrat\u00e9gicas basadas en la experiencia t\u00e9cnica actual y en la evoluci\u00f3n hist\u00f3rica que hemos vivido.<\/p>\n\n\n\n<figure class=\"wp-block-image size-large\"><img decoding=\"async\" width=\"1024\" height=\"475\" src=\"https:\/\/sinergiaskal.com\/wp-content\/uploads\/2026\/08\/asistentes_1250x580-1024x475.webp\" alt=\"Grupo de miembros de Sk\u00e5l International Canarias Islas Orientales durante un encuentro\" class=\"wp-image-3807\" srcset=\"https:\/\/sinergiaskal.com\/wp-content\/uploads\/2026\/08\/asistentes_1250x580-1024x475.webp 1024w, https:\/\/sinergiaskal.com\/wp-content\/uploads\/2026\/08\/asistentes_1250x580-300x139.webp 300w, https:\/\/sinergiaskal.com\/wp-content\/uploads\/2026\/08\/asistentes_1250x580-767x356.webp 767w, https:\/\/sinergiaskal.com\/wp-content\/uploads\/2026\/08\/asistentes_1250x580-18x8.webp 18w, https:\/\/sinergiaskal.com\/wp-content\/uploads\/2026\/08\/asistentes_1250x580.webp 1250w\" sizes=\"(max-width: 1024px) 100vw, 1024px\" \/><figcaption class=\"wp-element-caption\">Miembros de Sk\u00e5l International Canarias Islas Orientales durante uno de sus encuentros.<\/figcaption><\/figure>\n\n\n\n<p class=\"wp-block-paragraph\"><strong>En un territorio insular y fragmentado geogr\u00e1ficamente, conectar a los profesionales tiene una dificultad a\u00f1adida. \u00bfQu\u00e9 papel puede desempe\u00f1ar Sk\u00e5l para generar m\u00e1s relaci\u00f3n, colaboraci\u00f3n y oportunidades entre los profesionales tur\u00edsticos de las islas?<\/strong><\/p>\n\n\n\n<p class=\"wp-block-paragraph\">Pretendemos ser el nexo vertebrador que una no solo a las tres islas que representamos directamente, sino a todo el archipi\u00e9lago. Mantenemos una comunicaci\u00f3n constante y fluida con el resto de clubes canarios para generar una red profesional fuerte, cohesionada y sin barreras geogr\u00e1ficas.<\/p>\n\n\n\n<p class=\"wp-block-paragraph\"><strong>If you had a tourism professional in front of you who didn&#039;t yet know Sk\u00e5l, what would you say to explain why it&#039;s worthwhile to be part of this organization?<\/strong><\/p>\n\n\n\n<p class=\"wp-block-paragraph\">Le dir\u00eda que somos una comunidad de profesionales del sector con inquietudes compartidas que nos unimos para mantenernos conectados. De esa red no solo surgen oportunidades de negocio naturales, sino tambi\u00e9n un espacio \u00fanico donde compartir experiencias y celebrar la amistad.<\/p>\n\n\n\n<figure class=\"wp-block-image aligncenter size-full\"><img decoding=\"async\" width=\"773\" height=\"580\" src=\"https:\/\/sinergiaskal.com\/wp-content\/uploads\/2026\/08\/mesa.webp\" alt=\"Miembros de Sk\u00e5l International Canarias Islas Orientales reunidos alrededor de una mesa\" class=\"wp-image-3809\" srcset=\"https:\/\/sinergiaskal.com\/wp-content\/uploads\/2026\/08\/mesa.webp 773w, https:\/\/sinergiaskal.com\/wp-content\/uploads\/2026\/08\/mesa-300x225.webp 300w, https:\/\/sinergiaskal.com\/wp-content\/uploads\/2026\/08\/mesa-16x12.webp 16w, https:\/\/sinergiaskal.com\/wp-content\/uploads\/2026\/08\/mesa-768x576.webp 768w\" sizes=\"(max-width: 773px) 100vw, 773px\" \/><figcaption class=\"wp-element-caption\">Un momento de convivencia entre miembros de Sk\u00e5l International Canarias Islas Orientales.<\/figcaption><\/figure>\n\n\n\n<p class=\"wp-block-paragraph\"><strong>Tu presidencia acaba pr\u00e1cticamente de comenzar. Cuando llegue el momento de hacer balance, \u00bfqu\u00e9 te gustar\u00eda haber conseguido y qu\u00e9 Sk\u00e5l Canarias Islas Orientales te gustar\u00eda dejar a quienes contin\u00faen el camino?<\/strong><\/p>\n\n\n\n<p class=\"wp-block-paragraph\">Me gustar\u00eda dejar un club consolidado, activo y verdaderamente representativo del tejido tur\u00edstico de las islas orientales; un Sk\u00e5l conectado con la sociedad y con una base s\u00f3lida de colaboraci\u00f3n entre profesionales sobre la que las futuras directivas puedan seguir construyendo.<\/p>\n\n\n\n<h4 class=\"wp-block-heading\"><strong>To conclude, a question that the twelve presidents of this series will answer: if you had to define Sk\u00e5l in a single sentence, what would it be?<\/strong><\/h4>\n\n\n\n<p class=\"wp-block-paragraph\">\u00abPara m\u00ed, <a href=\"https:\/\/sinergiaskal.com\/en\/at-the-head-of-skal\/\">Sk\u00e5l<\/a> es una red de profesionales apasionados por el turismo que conectan sus experiencias para fortalecer el sector, generar oportunidades y celebrar la amistad.\u00bb<\/p>\n\n\n\n<p class=\"wp-block-paragraph\"><\/p>","protected":false},"excerpt":{"rendered":"<p>Sk\u00e5l International Canarias Islas Orientales afronta una etapa de consolidaci\u00f3n con la mirada puesta en conectar a los profesionales de Lanzarote, Fuerteventura y La Graciosa. Fernando, que asumi\u00f3 la presidencia en 2025 y desarrolla su actividad profesional como director de hotel, habla de los retos de un club joven, de la evoluci\u00f3n del turismo en [&hellip;]<\/p>\n","protected":false},"author":1,"featured_media":3852,"comment_status":"closed","ping_status":"closed","sticky":false,"template":"","format":"standard","meta":{"footnotes":""},"categories":[38],"tags":[50,47,49],"class_list":["post-3795","post","type-post","status-publish","format-standard","has-post-thumbnail","hentry","category-al-frente-de-skal","tag-asociacionismo","tag-skal-espana","tag-skal-international"],"_links":{"self":[{"href":"https:\/\/sinergiaskal.com\/en\/wp-json\/wp\/v2\/posts\/3795","targetHints":{"allow":["GET"]}}],"collection":[{"href":"https:\/\/sinergiaskal.com\/en\/wp-json\/wp\/v2\/posts"}],"about":[{"href":"https:\/\/sinergiaskal.com\/en\/wp-json\/wp\/v2\/types\/post"}],"author":[{"embeddable":true,"href":"https:\/\/sinergiaskal.com\/en\/wp-json\/wp\/v2\/users\/1"}],"replies":[{"embeddable":true,"href":"https:\/\/sinergiaskal.com\/en\/wp-json\/wp\/v2\/comments?post=3795"}],"version-history":[{"count":7,"href":"https:\/\/sinergiaskal.com\/en\/wp-json\/wp\/v2\/posts\/3795\/revisions"}],"predecessor-version":[{"id":4254,"href":"https:\/\/sinergiaskal.com\/en\/wp-json\/wp\/v2\/posts\/3795\/revisions\/4254"}],"wp:featuredmedia":[{"embeddable":true,"href":"https:\/\/sinergiaskal.com\/en\/wp-json\/wp\/v2\/media\/3852"}],"wp:attachment":[{"href":"https:\/\/sinergiaskal.com\/en\/wp-json\/wp\/v2\/media?parent=3795"}],"wp:term":[{"taxonomy":"category","embeddable":true,"href":"https:\/\/sinergiaskal.com\/en\/wp-json\/wp\/v2\/categories?post=3795"},{"taxonomy":"post_tag","embeddable":true,"href":"https:\/\/sinergiaskal.com\/en\/wp-json\/wp\/v2\/tags?post=3795"}],"curies":[{"name":"wp","href":"https:\/\/api.w.org\/{rel}","templated":true}]}}