{"id":3857,"date":"2026-09-04T16:20:41","date_gmt":"2026-09-04T14:20:41","guid":{"rendered":"https:\/\/sinergiaskal.com\/?p=3857"},"modified":"2026-09-04T18:21:20","modified_gmt":"2026-09-04T16:21:20","slug":"manuel-dominguez-skal-sevilla","status":"publish","type":"post","link":"https:\/\/sinergiaskal.com\/en\/al-frente-de-skal\/manuel-dominguez-skal-sevilla\/","title":{"rendered":"\u201cThe spirit of Sk\u00e5l is what truly keeps it alive.\u201d"},"content":{"rendered":"<p class=\"wp-block-paragraph\"><strong>President of Sk\u00e5l International Seville \u00b7 Sustainability Officer of Sk\u00e5l Spain \u00b7 General Manager of Hotel Do\u00f1a Mar\u00eda in Seville<\/strong><\/p>\n\n\n\n<p class=\"wp-block-paragraph\">Manuel Dom\u00ednguez Sol\u00eds is President of Sk\u00e5l International Seville and also serves on the Board of Directors of Sk\u00e5l Spain as Sustainability Officer. Alongside these responsibilities, he has extensive experience in the hotel sector as General Manager of Hotel Do\u00f1a Mar\u00eda in Seville, where he experiences first-hand the day-to-day realities of tourism in one of Spain's major urban destinations.<\/p>\n\n\n\n<p class=\"wp-block-paragraph\">This combination of professional experience and commitment to Sk\u00e5l gives him a particularly interesting perspective from which to discuss the evolution of tourism, sustainability and, above all, the role that clubs must play in remaining relevant to new generations of professionals.<\/p>\n\n\n\n<p class=\"wp-block-paragraph\">In Leading Sk\u00e5l, we spoke with Manuel about Seville, the hotel industry, sustainability, professional relationships and the future of an organisation in which friendship remains one of its core values.<\/p>\n\n\n\n<p class=\"wp-block-paragraph\"><strong>Manuel, what does it mean to you to be at the helm of Sk\u00e5l International Sevilla and what led you to assume the presidency of the club?<\/strong><\/p>\n\n\n\n<p class=\"wp-block-paragraph\">It is truly an honour for me to lead this magnificent group of professionals who placed their trust in me by nominating and electing me as president of our club. The camaraderie and the conviction that we needed to keep moving forward led me to reflect on the opportunity and ultimately accept the position.<\/p>\n\n\n\n<p class=\"wp-block-paragraph\"><strong>How would you define today <a href=\"https:\/\/www.facebook.com\/skalsevilla\/?locale=es_LA\" target=\"_blank\" rel=\"noopener\">Sk\u00e5l Sevilla<\/a> And what do you think distinguishes him within our organization?<\/strong><\/p>\n\n\n\n<p class=\"wp-block-paragraph\">Sk\u00e5l Seville, like all clubs, has gone through different stages throughout its history. Our determination to move forward and offer our members engaging activities has contributed to a significant increase in membership.<\/p>\n\n\n\n<p class=\"wp-block-paragraph\"><strong>As the general manager of the Hotel Do\u00f1a Mar\u00eda, you experience Seville&#039;s tourism firsthand on a daily basis. How has the visitor experience changed in the city, and what do you think are the main challenges Seville faces as a destination today?<\/strong><\/p>\n\n\n\n<p class=\"wp-block-paragraph\">We are seeing a more discerning visitor, with a very clear idea of what they are looking for and increasingly eager to experience and connect with what is authentic: what is real and human.<\/p>\n\n\n\n<figure class=\"wp-block-image aligncenter size-full\"><img fetchpriority=\"high\" decoding=\"async\" width=\"758\" height=\"580\" src=\"https:\/\/sinergiaskal.com\/wp-content\/uploads\/2026\/08\/Terraza-con-Sevilla-monumental-detras.webp\" alt=\"Manuel Dom\u00ednguez with tourism professionals on a terrace in Seville with the Cathedral and the Giralda in the background\" class=\"wp-image-3906\" srcset=\"https:\/\/sinergiaskal.com\/wp-content\/uploads\/2026\/08\/Terraza-con-Sevilla-monumental-detras.webp 758w, https:\/\/sinergiaskal.com\/wp-content\/uploads\/2026\/08\/Terraza-con-Sevilla-monumental-detras-300x230.webp 300w, https:\/\/sinergiaskal.com\/wp-content\/uploads\/2026\/08\/Terraza-con-Sevilla-monumental-detras-16x12.webp 16w\" sizes=\"(max-width: 758px) 100vw, 758px\" \/><figcaption class=\"wp-element-caption\">Manuel Dom\u00ednguez together with professionals from the sector, with the monumental heritage of Seville as the setting.<\/figcaption><\/figure>\n\n\n\n<p class=\"wp-block-paragraph\"><strong>Your professional experience in the hotel industry coexists with your responsibility as a Sustainability representative of <a href=\"https:\/\/sinergiaskal.com\/en\/at-the-head-of-skal\/\">Sk\u00e5l Spain<\/a>. From the daily reality of a hotel establishment, what does truly sustainable tourism mean to you, and how can we move sustainability from talk to practice?<\/strong><\/p>\n\n\n\n<p class=\"wp-block-paragraph\">It is both very simple and very difficult. It all depends on awareness: the awareness of individuals, professionals, the sector as a whole and society around us.<\/p>\n\n\n\n<p class=\"wp-block-paragraph\">Sustainability is often understood solely in terms of the environment and nature, when in reality it encompasses almost every aspect of our lives. A perfect environment means little if we disregard the working conditions of professionals, overlook cultural values or sacrifice the unique character of a community for economic or political reasons.<\/p>\n\n\n\n<p class=\"wp-block-paragraph\">We must look at ourselves, be more consistent and respect others, always applying common sense to actions that benefit both ourselves and those around us. We are part of a community, and that sense of unity must prevail as we work towards better conditions for everyone.<\/p>\n\n\n\n<p class=\"wp-block-paragraph\"><strong>Sk\u00e5l was born out of professional friendships and the well-known concept of \u201cDoing Business Among Friends.\u201d In an increasingly digital professional world, does meeting in person, getting to know each other, and building relationships of trust still hold value?<\/strong><\/p>\n\n\n\n<p class=\"wp-block-paragraph\">Personally, I believe that the spirit of Sk\u00e5l is what truly keeps it alive. We live in a highly competitive society, where globalization and individualism can erode camaraderie and friendship.<\/p>\n\n\n\n<p class=\"wp-block-paragraph\">Sk\u00e5l, through its different areas of activity, helps you become a better colleague and, I believe, a better person. The support and friendship it offers, even among professionals who compete with one another, reflect a profoundly human philosophy.<\/p>\n\n\n\n<figure class=\"wp-block-image aligncenter size-full\"><img decoding=\"async\" width=\"760\" height=\"580\" src=\"https:\/\/sinergiaskal.com\/wp-content\/uploads\/2026\/08\/Teatro-Flamenco.webp\" alt=\"Manuel Dom\u00ednguez with members and friends of Sk\u00e5l Sevilla during a meeting at the Flamenco Theater of Sevilla\" class=\"wp-image-3908\" srcset=\"https:\/\/sinergiaskal.com\/wp-content\/uploads\/2026\/08\/Teatro-Flamenco.webp 760w, https:\/\/sinergiaskal.com\/wp-content\/uploads\/2026\/08\/Teatro-Flamenco-300x229.webp 300w, https:\/\/sinergiaskal.com\/wp-content\/uploads\/2026\/08\/Teatro-Flamenco-16x12.webp 16w\" sizes=\"(max-width: 760px) 100vw, 760px\" \/><figcaption class=\"wp-element-caption\">A Sk\u00e5l Sevilla meeting that reflects the camaraderie and personal relationships that Manuel Dom\u00ednguez considers an essential part of the organization.<\/figcaption><\/figure>\n\n\n\n<p class=\"wp-block-paragraph\"><strong>Sk\u00e5l clubs have a long history, but they also need to evolve. What do you think we should change to attract new professionals and ensure they find Sk\u00e5l a useful space to network, share experiences, and create opportunities?<\/strong><\/p>\n\n\n\n<p class=\"wp-block-paragraph\">Everything changes and evolves in life. We have to adapt and take advantage of all the tools at our disposal to improve and avoid making mistakes.<\/p>\n\n\n\n<p class=\"wp-block-paragraph\">Since Sk\u00e5l was founded, professions, the profile of tourism professionals and the activities we undertake have all changed. However, the people and the philosophy of the club remain. We must preserve that essence while strengthening it by embracing the opportunities offered by new technologies.<\/p>\n\n\n\n<figure class=\"wp-block-image aligncenter size-full\"><img decoding=\"async\" width=\"910\" height=\"580\" src=\"https:\/\/sinergiaskal.com\/wp-content\/uploads\/2026\/08\/La-provincia-de-Sevilla-sera-sede-este-ano-del-LXVIII-Congreso-Nacional-de-SKAL-Espana-un-encue.webp\" alt=\"Manuel Dom\u00ednguez with representatives of Sk\u00e5l at the presentation of the 68th National Congress of Sk\u00e5l Spain in Seville\" class=\"wp-image-3907\" srcset=\"https:\/\/sinergiaskal.com\/wp-content\/uploads\/2026\/08\/La-provincia-de-Sevilla-sera-sede-este-ano-del-LXVIII-Congreso-Nacional-de-SKAL-Espana-un-encue.webp 910w, https:\/\/sinergiaskal.com\/wp-content\/uploads\/2026\/08\/La-provincia-de-Sevilla-sera-sede-este-ano-del-LXVIII-Congreso-Nacional-de-SKAL-Espana-un-encue-300x191.webp 300w, https:\/\/sinergiaskal.com\/wp-content\/uploads\/2026\/08\/La-provincia-de-Sevilla-sera-sede-este-ano-del-LXVIII-Congreso-Nacional-de-SKAL-Espana-un-encue-767x489.webp 767w, https:\/\/sinergiaskal.com\/wp-content\/uploads\/2026\/08\/La-provincia-de-Sevilla-sera-sede-este-ano-del-LXVIII-Congreso-Nacional-de-SKAL-Espana-un-encue-18x11.webp 18w\" sizes=\"(max-width: 910px) 100vw, 910px\" \/><figcaption class=\"wp-element-caption\">Manuel Dom\u00ednguez with representatives of Sk\u00e5l during the presentation of the 68th National Congress of Sk\u00e5l Spain, which will be held in Seville.<\/figcaption><\/figure>\n\n\n\n<p class=\"wp-block-paragraph\"><strong>If you had a tourism professional in front of you who didn&#039;t yet know Sk\u00e5l, what would you say to explain why it&#039;s worthwhile to be part of this organization?<\/strong><\/p>\n\n\n\n<p class=\"wp-block-paragraph\">Well, quite simply, I would give them this interview to read so they could understand what our philosophy is all about. I would also explain that becoming a better professional means continually acquiring knowledge, and that much of this knowledge comes precisely from engaging with other professionals.<\/p>\n\n\n\n<p class=\"wp-block-paragraph\">We are an organisation built around teamwork, and we strive to become better professionals. That is what we are focused on.<\/p>\n\n\n\n<p class=\"wp-block-paragraph\"><strong>When your time at the helm of Sk\u00e5l Sevilla comes to an end, what would you like to have contributed and what kind of club would you like to leave for those who continue the journey?<\/strong><\/p>\n\n\n\n<p class=\"wp-block-paragraph\">I would like to have contributed to improving the club both professionally and in terms of the number and quality of its members: people and professionals who are committed to continuous improvement, sharing experiences and contributing together to the development of the sector.<\/p>\n\n\n\n<p class=\"wp-block-paragraph\"><strong>Finally, complete this sentence: \u201cFor me, Sk\u00e5l is...\u201d<\/strong><\/p>\n\n\n\n<p class=\"wp-block-paragraph\">For me, Sk\u00e5l is the soul of tourism.<\/p>","protected":false},"excerpt":{"rendered":"<p>Presidente de Sk\u00e5l International Sevilla \u00b7 Vocal de Sostenibilidad de Sk\u00e5l Espa\u00f1a \u00b7 Director General del Hotel Do\u00f1a Mar\u00eda de Sevilla Manuel Dom\u00ednguez Sol\u00eds est\u00e1 al frente de Sk\u00e5l International Sevilla y forma parte tambi\u00e9n de la Junta Directiva de Sk\u00e5l Espa\u00f1a como vocal de Sostenibilidad. A estas responsabilidades suma una larga trayectoria en el [&hellip;]<\/p>\n","protected":false},"author":1,"featured_media":4185,"comment_status":"closed","ping_status":"closed","sticky":false,"template":"","format":"standard","meta":{"footnotes":""},"categories":[38],"tags":[50,47,49],"class_list":["post-3857","post","type-post","status-publish","format-standard","has-post-thumbnail","hentry","category-al-frente-de-skal","tag-asociacionismo","tag-skal-espana","tag-skal-international"],"_links":{"self":[{"href":"https:\/\/sinergiaskal.com\/en\/wp-json\/wp\/v2\/posts\/3857","targetHints":{"allow":["GET"]}}],"collection":[{"href":"https:\/\/sinergiaskal.com\/en\/wp-json\/wp\/v2\/posts"}],"about":[{"href":"https:\/\/sinergiaskal.com\/en\/wp-json\/wp\/v2\/types\/post"}],"author":[{"embeddable":true,"href":"https:\/\/sinergiaskal.com\/en\/wp-json\/wp\/v2\/users\/1"}],"replies":[{"embeddable":true,"href":"https:\/\/sinergiaskal.com\/en\/wp-json\/wp\/v2\/comments?post=3857"}],"version-history":[{"count":5,"href":"https:\/\/sinergiaskal.com\/en\/wp-json\/wp\/v2\/posts\/3857\/revisions"}],"predecessor-version":[{"id":4256,"href":"https:\/\/sinergiaskal.com\/en\/wp-json\/wp\/v2\/posts\/3857\/revisions\/4256"}],"wp:featuredmedia":[{"embeddable":true,"href":"https:\/\/sinergiaskal.com\/en\/wp-json\/wp\/v2\/media\/4185"}],"wp:attachment":[{"href":"https:\/\/sinergiaskal.com\/en\/wp-json\/wp\/v2\/media?parent=3857"}],"wp:term":[{"taxonomy":"category","embeddable":true,"href":"https:\/\/sinergiaskal.com\/en\/wp-json\/wp\/v2\/categories?post=3857"},{"taxonomy":"post_tag","embeddable":true,"href":"https:\/\/sinergiaskal.com\/en\/wp-json\/wp\/v2\/tags?post=3857"}],"curies":[{"name":"wp","href":"https:\/\/api.w.org\/{rel}","templated":true}]}}