{"id":4073,"date":"2026-08-31T19:41:10","date_gmt":"2026-08-31T17:41:10","guid":{"rendered":"https:\/\/sinergiaskal.com\/?p=4073"},"modified":"2026-09-05T12:13:20","modified_gmt":"2026-09-05T10:13:20","slug":"skal-history","status":"publish","type":"post","link":"https:\/\/sinergiaskal.com\/en\/skal\/historia-de-skal\/","title":{"rendered":"Sk\u00e5l&#039;s story: some stories deserve to be told again"},"content":{"rendered":"<p class=\"wp-block-paragraph\">Documentos, fotograf\u00edas, lugares, recuerdos y protagonistas. Historia de Sk\u00e5l es el viaje que emprende Sinergia Sk\u00e5l para recuperar una memoria que empez\u00f3 en 1958 y que todav\u00eda contin\u00faa escribi\u00e9ndose.<\/p>\n\n\n\n<p class=\"wp-block-paragraph\"><strong>Nearly seven decades of history leave much more than dates.<\/strong> They leave behind names, photographs, documents, places, encounters, anecdotes, and memories that help us understand where we come from.<\/p>\n\n\n\n<p class=\"wp-block-paragraph\"><em>At Sinergia Sk\u00e5l,<\/em> launches <strong>History of Sk\u00e5l<\/strong>, a new space dedicated to recovering and telling our history.<\/p>\n\n\n\n<h2 class=\"wp-block-heading\">Back to the beginning<\/h2>\n\n\n\n<p class=\"wp-block-paragraph\">We want to go back to <strong>1958<\/strong> and discover how Sk\u00e5l M\u00e1laga-Costa del Sol was born.<\/p>\n\n\n\n<p class=\"wp-block-paragraph\">We want to revisit the international congresses that brought tourism professionals from around the world to the Costa del Sol, reconstruct the history of Sk\u00e5l Street in Torremolinos, remember the people who made each stage possible, and follow the path that would eventually turn Torremolinos into the world headquarters of Sk\u00e5l International. <strong>Sk\u00e5l Street in Torremolinos<\/strong>, to remember the people who made each stage possible and to follow the path that would eventually turn Torremolinos into the world headquarters of Sk\u00e5l International.<\/p>\n\n\n\n<p class=\"wp-block-paragraph\">But we don&#039;t want to do it simply by collecting dates.<\/p>\n\n\n\n<h2 class=\"wp-block-heading\">In search of our history<\/h2>\n\n\n\n<p class=\"wp-block-paragraph\"><strong>We will look for it wherever it has been preserved.<\/strong><\/p>\n\n\n\n<p class=\"wp-block-paragraph\">In archives, photographs, letters, minutes, publications, programmes, and personal mementos.<\/p>\n\n\n\n<p class=\"wp-block-paragraph\">We will talk to those who lived through it, those who preserved their documents, those who can still help us identify the people, dates and context behind many images and events.<\/p>\n\n\n\n<p class=\"wp-block-paragraph\">Because behind every document there can be a story. And behind every story, there are people who helped build what we know today as Sk\u00e5l.<\/p>\n\n\n\n<p class=\"wp-block-paragraph\">Some will be familiar stories. Others may have been stored for decades in a folder, a drawer, or an old photo album.<\/p>\n\n\n\n<h2 class=\"wp-block-heading\">A story we want to build together<\/h2>\n\n\n\n<p class=\"wp-block-paragraph\"><strong>We also want our members and readers to be part of Sk\u00e5l History.<\/strong><\/p>\n\n\n\n<p class=\"wp-block-paragraph\">If you have a photograph, letter, document, programme, pennant or any other memento related to the history of Sk\u00e5l, <strong>we would love to hear about it.<\/strong>.<\/p>\n\n\n\n<p class=\"wp-block-paragraph\">An image tucked away in someone's family album may help us rediscover an important moment in our history.<\/p>\n\n\n\n<p class=\"wp-block-paragraph\">Little by little, we will gather these pieces, compare the information and turn those memories into stories worth sharing.<\/p>\n\n\n\n<h2 class=\"wp-block-heading\">1958 will be our starting point<\/h2>\n\n\n\n<p class=\"wp-block-paragraph\">We will begin by looking for the origins of <strong><a href=\"https:\/\/malaga-costadelsol.skal.org\/\" target=\"_blank\" rel=\"noopener\">Sk\u00e5l M\u00e1laga-Costa del Sol<\/a><\/strong>.<\/p>\n\n\n\n<p class=\"wp-block-paragraph\">Who was there.<br>How it all began.<br>What documents are preserved.<br>What do those who knew the people involved remember?<\/p>\n\n\n\n<p class=\"wp-block-paragraph\">And from there, we will continue moving forward through a story closely linked to the development of tourism in M\u00e1laga and the Costa del Sol.<\/p>\n\n\n\n<p class=\"wp-block-paragraph\"><strong>We don't yet know what we will find.<\/strong><\/p>\n\n\n\n<p class=\"wp-block-paragraph\">And that's precisely part of the adventure.<\/p>\n\n\n\n<h2 class=\"wp-block-heading\">The story continues<\/h2>\n\n\n\n<p class=\"wp-block-paragraph\">Sk\u00e5l History was created to preserve our memories, but also to share them.<\/p>\n\n\n\n<p class=\"wp-block-paragraph\">Because <strong>Knowing where we come from helps us better understand who we are.<\/strong><\/p>\n\n\n\n<p class=\"wp-block-paragraph\"><strong>1958 will be our starting point.<\/strong><\/p>\n\n\n\n<p class=\"wp-block-paragraph\">What we discover along the way will shape what comes next.<\/p>\n\n\n\n<p class=\"wp-block-paragraph\"><strong><a href=\"https:\/\/sinergiaskal.com\/en\/skal-world\/\">HISTORY OF SK\u00c5L<\/a><\/strong><br><em>People, places, and events that have shaped our history.<\/em><\/p>\n\n\n\n<p class=\"wp-block-paragraph\"><strong>Coming soon to Sinergia Sk\u00e5l.<\/strong><\/p>","protected":false},"excerpt":{"rendered":"<p>Documentos, fotograf\u00edas, lugares, recuerdos y protagonistas. Historia de Sk\u00e5l es el viaje que emprende Sinergia Sk\u00e5l para recuperar una memoria que empez\u00f3 en 1958 y que todav\u00eda contin\u00faa escribi\u00e9ndose. Casi siete d\u00e9cadas de historia dejan mucho m\u00e1s que fechas. Dejan nombres, fotograf\u00edas, documentos, lugares, encuentros, an\u00e9cdotas y recuerdos que ayudan a entender de d\u00f3nde venimos. [&hellip;]<\/p>\n","protected":false},"author":1,"featured_media":4075,"comment_status":"closed","ping_status":"closed","sticky":false,"template":"","format":"standard","meta":{"footnotes":""},"categories":[19],"tags":[82],"class_list":["post-4073","post","type-post","status-publish","format-standard","has-post-thumbnail","hentry","category-skal","tag-historia-de-skal"],"_links":{"self":[{"href":"https:\/\/sinergiaskal.com\/en\/wp-json\/wp\/v2\/posts\/4073","targetHints":{"allow":["GET"]}}],"collection":[{"href":"https:\/\/sinergiaskal.com\/en\/wp-json\/wp\/v2\/posts"}],"about":[{"href":"https:\/\/sinergiaskal.com\/en\/wp-json\/wp\/v2\/types\/post"}],"author":[{"embeddable":true,"href":"https:\/\/sinergiaskal.com\/en\/wp-json\/wp\/v2\/users\/1"}],"replies":[{"embeddable":true,"href":"https:\/\/sinergiaskal.com\/en\/wp-json\/wp\/v2\/comments?post=4073"}],"version-history":[{"count":3,"href":"https:\/\/sinergiaskal.com\/en\/wp-json\/wp\/v2\/posts\/4073\/revisions"}],"predecessor-version":[{"id":4284,"href":"https:\/\/sinergiaskal.com\/en\/wp-json\/wp\/v2\/posts\/4073\/revisions\/4284"}],"wp:featuredmedia":[{"embeddable":true,"href":"https:\/\/sinergiaskal.com\/en\/wp-json\/wp\/v2\/media\/4075"}],"wp:attachment":[{"href":"https:\/\/sinergiaskal.com\/en\/wp-json\/wp\/v2\/media?parent=4073"}],"wp:term":[{"taxonomy":"category","embeddable":true,"href":"https:\/\/sinergiaskal.com\/en\/wp-json\/wp\/v2\/categories?post=4073"},{"taxonomy":"post_tag","embeddable":true,"href":"https:\/\/sinergiaskal.com\/en\/wp-json\/wp\/v2\/tags?post=4073"}],"curies":[{"name":"wp","href":"https:\/\/api.w.org\/{rel}","templated":true}]}}